{"id":464,"date":"2018-07-30T22:04:33","date_gmt":"2018-07-30T20:04:33","guid":{"rendered":"http:\/\/www.musrosi.org\/?p=464"},"modified":"2018-07-30T22:04:33","modified_gmt":"2018-07-30T20:04:33","slug":"inaugurazione-museo-di-storia-naturale","status":"publish","type":"post","link":"https:\/\/musrosi.org\/?p=464","title":{"rendered":"INAUGURAZIONE MUSEO DI STORIA NATURALE"},"content":{"rendered":"<p class=\"p1\" style=\"text-align: center;\">DISCORSO DI INAUGURAZIONE MUSEO DI STORIA NATURALE DI ROSIGNANO 29 LUGLIO 2018 (A. LENZI)<\/p>\n<p class=\"p1\">L\u2019immensa felicit\u00e0 per la conclusione di un lungo ed impegnativo cammino che ci ha permesso finalmente di avere una bellissima e definitiva sede per il nostro Museo.<\/p>\n<p class=\"p1\">Un luogo dove trascorrere momenti piacevoli e divertenti<\/p>\n<p class=\"p1\">Il luogo che insieme al museo archeologico di Rosignano Marittimo, al Museo archeologico di Castiglioncello e alla biblioteca, sar\u00e0 uno dei luoghi del:<\/p>\n<p class=\"p1\">DOVE SI VA OGGI?<\/p>\n<p class=\"p1\">COSA C\u2019E\u2019 DA VEDERE A ROSIGNANO?<\/p>\n<p class=\"p1\">Gli orari li vedrete nella brochure ma li ricordiamo:<\/p>\n<p class=\"p1\">Periodo invernale (dal 3 settembre al 30 giugno)<\/p>\n<p class=\"p1\">gioved\u00ec e sabato, ore 16\u201319<\/p>\n<p class=\"p1\">dal luned\u00ec al venerd\u00ec su prenotazione per le scuole<\/p>\n<p class=\"p1\">la prima domenica del mese, ore 16\u201319<\/p>\n<p class=\"p1\">Periodo estivo (dal 1\u00b0 luglio al 2 settembre)<\/p>\n<p class=\"p1\">sabato ore 16-19 e domenica ore 9-12.<\/p>\n<p class=\"p1\">Qui abbiamo cercato di sincronizzarci il pi\u00f9 possibile con le aperture del Museo archeologico di Rosignano Marittimo<\/p>\n<p class=\"p1\">Per informazioni: 0586 724550, 377 1465349; www.musrosi.org (il sito \u00e8 in via di aggiornamento), e la e-mail musrosi@tiscali.it.<\/p>\n<p class=\"p1\">Le ragioni di un LOGO<\/p>\n<p class=\"p1\">Quando abbiamo presentato in anteprima questo bellissimo simbolo tutti vi hanno visto cose diverse:<\/p>\n<p class=\"p1\">le coste del mare, I colori della natura, le onde, le colline<\/p>\n<p class=\"p1\">Confesso che in realt\u00e0 questa scelta rappresenta in forma molto stilizzata il profilo del \u2018MONTE\u2019<\/p>\n<p class=\"p1\">Uno dei luoghi che rappresenta la nostra zona e che \u00e8 meta anche di studiosi, ricercatori oltrech\u00e9 di appassionati naturalisti, dei cultori del trekking e ahim\u00e8 di motociclisti irrispettosi della pace naturale.<\/p>\n<p class=\"p1\">Il nostro amato \u2018Poggio Pelato\u2019 ovvero il Monte Pelato.<\/p>\n<p class=\"p1\">Ognuno ci vedr\u00e0 comunque la natura che \u00e8 rappresentata in questo nostro museo<\/p>\n<p class=\"p1\">Il Museo di Storia Naturale di Rosignano esiste da pi\u00f9 di cinquanta anni, quando un gruppo di appassionati naturalisti si riun\u00ec e fond\u00f2 il Museo, diretto allora dall\u2019amico, lo scomparso Dino Agostini.<\/p>\n<p class=\"p1\">Nei primi anni \u2018settanta\u2019 a Rosignano era presente un grande fermento culturale. Figure di primo ordine come il Prof. Aldo Benincasa, direttore delle scuole elementari Europa, e ancor prima sindaci illuminati come Demiro Marchi, Leno Carmignoli, Enzo Fiorentini, Iginio Marianelli e poi, Giuseppe Danesin, dettero un impulso fondamentale allo sviluppo culturale di Rosignano.<\/p>\n<p class=\"p1\">Tra questi grandi protagonisti \u2018della cultura\u2019 ci fu anche Dino Agostini.<\/p>\n<p class=\"p1\">Da allora, tutte le amministrazioni che si sono succedute, da Danesin a Simoncini, da Nenci sino al nostro sindaco Alessandro Franchi hanno sempre dimostrato grande interesse per questo bellissimo esperimento che ormai si perpetra da molti anni: la gestione di un Museo da parte di una associazione di volontariato per la quale anteporre l\u2019interesse e la passione per la natura a qualsiasi velleit\u00e0 economica \u00e8 non solo motivo di orgoglio ma anche e soprattutto un naturale modo di interpretare il \u2018fare ed agire\u2019 per il \u2018sociale\u2019 che ci onora e ci riempie di orgoglio.<\/p>\n<p class=\"p1\">Nel 1992 si costitu\u00ec\u2019 l\u2019Associazione \u2018Amici della Natura Rosignano\u2019 nata per dare un perimetro ufficiale al gruppo di persone che gestiva il Museo.<\/p>\n<p class=\"p1\">Oggi siamo un bel gruppo, con pi\u00f9 di 100 iscritti, un Consiglio Direttivo e molti tra frequentatori e soci attivamente impegnati nelle attivit\u00e0 museali.<\/p>\n<p class=\"p1\">Ci chiamano spesso per parlare del nostro territorio che noi conosciamo dal punto di vista storico e naturalistico.<\/p>\n<p class=\"p1\">Raccontiamo, alle scuole e al pubblico generale, delle essenze botaniche tipiche della nostra zona, o dei volatili che la popolano o dei funghi che qui crescono.<\/p>\n<p class=\"p1\">Capita talvolta di parlare della geologia e mineralogia dei nostri luoghi e delle avventure imprenditoriali del secolo scorso che videro a Rosignano non solo una Solvay nascente ma anche altre aziende che operarono in quello che per alcuni anni fu il massimo polo produttivo di Magnesite al mondo.<\/p>\n<p class=\"p1\">Riceviamo gli ospiti che vogliono visitare il Museo per osservare e studiare le collezioni esposte.<\/p>\n<p class=\"p1\">Le vedrete:<\/p>\n<p class=\"p1\">la sezione dedicata all\u2019Evoluzione con la collezione antropologica, con calchi e riproduzioni di ominidi<\/p>\n<p class=\"p1\">la splendida collezione ornitologica tra le pi\u00f9 importanti e ricche d\u2019Europa,<\/p>\n<p class=\"p1\">la sezione mineralogica e geologica,<\/p>\n<p class=\"p1\">la sezione dedicata alla botanica e alla micologia,<\/p>\n<p class=\"p1\">il giardino botanico,<\/p>\n<p class=\"p1\">la sezione dedicata allo OTB (Osservatorio Toscano sulla Biodiversit\u00e0) di cui il Museo \u00e8 uno dei centri informativi riconosciuti dalla Regione Toscana.<\/p>\n<p class=\"p1\">Ma non finisce qui<\/p>\n<p class=\"p1\">Raccontiamo di come i naviganti leggevano il cielo per orientarsi e facciamo lezioni di astronomia all\u2019aperto. Queste sono le belle storie che non tutti conoscono e che ci piace raccontare e condividere.<\/p>\n<p class=\"p1\">Teniamo i corsi ufficiali di micologia propedeutici alla raccolta e al consumo dei funghi grazie agli esperti del nostro team che sono stati riconosciuti tali dalla Regione Toscana.<\/p>\n<p class=\"p1\">Organizziamo conferenze di natura scientifica e divulgativa sui temi pi\u00f9 vari<\/p>\n<p class=\"p1\">Organizziamo anche un Congresso di scienze naturali che ogni due anni vede raccolti a Castiglioncello, fino ad ora, ma dalla prossima edizione qui a Villa Pertusati, i naturalisti provenienti dalle maggiori universit\u00e0 italiane ma anche dall\u2019estero che hanno scelto di studiare gli aspetti naturalistici della Toscana.<\/p>\n<p class=\"p1\">Il congresso si chiama CODICE ARMONICO e siamo ormai alla settima edizione.<\/p>\n<p class=\"p1\">Stiamo preparando delle interessanti collaborazioni con alcune universit\u00e0 toscane per compiere studi territoriali nel campo delle scienze ambientali<\/p>\n<p class=\"p1\">Qui saremo pi\u00f9 vicini a tutti; a tutte le frazioni del Comune. Tutti ci potranno facilmente raggiungere.<\/p>\n<p class=\"p1\">le scuole troveranno un ambiente accogliente e pieno di cose interessanti per i bambini e le persone che qui troveranno saranno desiderose di aiutare gli insegnanti nei loro piani educativi, come in un vero e proprio laboratorio didattico (il laboratorio didattico \u00e8 uno degli elementi costitutivi e di pregio del nostro museo); potremo fare scienza e divulgazione scientifica per tutti, anche per coloro che credono che sia troppo tardi.\u201d<\/p>\n<p class=\"p1\">Qui \u00e8 in atto un grande esperimento sociale: la gestione di un museo con il contributo attivo e volontario di tutti i cittadini e frequentatori del museo. Appunto all\u2019insegna di quel volontariato che \u00e8 un vanto per l\u2019Italia (140 milioni nel mondo di cui 90 in europa. siamo al 12\u00b0 posto EU 27).<\/p>\n<p class=\"p1\">Chi fa volontariato sa benissimo una cosa: quando siamo animati da una autentica, limpida e pura passione sappiamo che, anche se da soli faremmo ben poco, una volta uniti possiamo fare cose pi\u00f9 grandi di noi. Questa \u00e8 la natura del volontariato che a mio avviso costituisce una delle massime espressioni di partecipazione sociale esistenti.\u201d Noi perseguiamo a coltivare questo esperimento.<\/p>\n<p class=\"p1\">Portate i vostri figli, portate i vostri nipoti a visitare il museo<\/p>\n<p class=\"p1\">Guardando le esposizioni i partecipando alle attivit\u00e0 museali \u2018leggeranno la natura\u2019<\/p>\n<p class=\"p1\">Osservare le esposizioni,<\/p>\n<p class=\"p1\">Toccare i campioni o fare esperimenti con essi<\/p>\n<p class=\"p1\">Giocare ed imparare nei laboratori didattici<\/p>\n<p class=\"p1\">Sar\u00e0 come leggere un libro<\/p>\n<p class=\"p1\">Quel libro della natura che sappiamo essere scritto in lingua matematica Come ci ha insegnato Galileo Galilei<\/p>\n<p class=\"p1\">Che qui sar\u00e0 letto<\/p>\n<p class=\"p1\">attraverso le esposizioni presenti<\/p>\n<p class=\"p1\">attraverso le nostre osservazioni<\/p>\n<p class=\"p1\">attraverso le nostre riflessioni<\/p>\n<p class=\"p1\">Cio\u00e8 vivendo il nostro museo<\/p>\n<p class=\"p1\">Quel libro-museo sar\u00e0 come un vero e proprio libro<\/p>\n<p class=\"p1\">Ci cambier\u00e0 e non saremo pi\u00f9 gli stessi<\/p>\n<p class=\"p1\">Ci insegner\u00e0 il rispetto per la natura<\/p>\n<p class=\"p1\">Ci insegner\u00e0 il senso della propriet\u00e0 pubblica:<\/p>\n<p class=\"p1\">quello che \u00e8 qui \u00e8 per noi ma non ci appartiene<\/p>\n<p class=\"p1\">\u00e8 comunque nostro come comunit\u00e0<\/p>\n<p class=\"p1\">Ci insegner\u00e0 anche ad accrescere la nostra coscienza civica<\/p>\n<p class=\"p1\">In questi giorni assistiamo alla valanga di offese ed insulti che continuamente vengono rivolti \u2018agli altri\u2019, quelli che non sono \u2018noi\u2019. Potete facilmente vedere ci\u00f2 che accade nei \u2018social\u2019: tutti contro tutti. Ma il \u2018contro\u2019 qualcuno a cosa porta? Il risultato di uno scontro (peggio ancora di una guerra) porta solo alla distruzione.<\/p>\n<p class=\"p1\">A cosa portano gli scontri? A NIENTE!!! Alimentano solo l\u2019odio come unico risultato<\/p>\n<p class=\"p1\">Noi vogliamo piuttosto costruire e lo faremo con gli strumenti che avremo a disposizione.<\/p>\n<p class=\"p1\">Qui abbiamo un museo e lo utilizzeremo anche per accrescere il senso civico di tutti noi.<\/p>\n<p class=\"p1\">Ci insegner\u00e0 che condivisione \u00e8 rispetto<\/p>\n<p class=\"p1\">che apprendere \u00e8 anche accrescere le nostre coscienze<\/p>\n<p class=\"p1\">Ci insegner\u00e0 che conoscere \u00e8 un bel modo di cambiare la propria vita: \u00e8 un bel modo per crescere<\/p>\n<p class=\"p1\">Qui, noi ed i nostri figli troveremo le esposizioni e i laboratori didattici; \u00e8 vero!<\/p>\n<p class=\"p1\">Ma troveremo anche persone animate dalla passione per la conoscenza. Persone che forse potranno essere un buon esempio, un buon riferimento per il futuro.<\/p>\n<p class=\"p1\">Voglio ricordare lo stupore e la meraviglia di un bambino di quasi 6 anni che incuriosito del luccichio di un sasso trovato nel ghiaino fu consigliato da un grande personaggio che abbiamo avuto qui a Rosignano: Alfredo Ghelardi che gli disse \u2018fatti portare al museo di Rosignano\u2019.<\/p>\n<p class=\"p1\">Qui, a Rosignano marittimo, in una delle stanze dove ora c\u2019\u00e8 la sede del comune, quel bambino conobbe Dino Agostini, il fondatore del Museo, che noi salutiamo con bell\u2019appaluso. Quel bambino si sent\u00ec subito a casa. Qualche anno dopo lo stesso Dino gli disse di venire qui al Museo a studiare: \u2018sarai circondato di cultura\u2019.<\/p>\n<p class=\"p1\">Quanto era vera quella frase. Con quale gioia la ricordo e con quale riconoscenza ripenso all\u2019amico Dino.<\/p>\n<p class=\"p1\">Ma poich\u00e9 non ci piace indulgere sui ricordi e semmai vogliamo porci il problema di cosa fare concretamente ora e subito e di pensare al futuro noi diciamo che<\/p>\n<p class=\"p1\">Le persone sono la vera ricchezza di questo museo<\/p>\n<p class=\"p1\">Persone animate da quello che amo identificare con il principio dell\u2019EIUS<\/p>\n<p class=\"p1\">Entusiasmo, Impegno, Umilt\u00e0, Sincerit\u00e0<\/p>\n<p class=\"p1\">I RINGRAZIAMENTI<\/p>\n<p class=\"p1\">Amministrazione comunale e ufficio cultura: Alessandro Franchi, Daniele Donati, Licia Montagnani, Veronica Moretti e tutto il resto della Giunta, Patrizio Andreoli, Angela Maria Casucci, Caterina Bellucci, Alessandra Ciaccio, Mauro Cini<\/p>\n<p class=\"p1\">Il Consiglio: Laura Leoni, Patrizia Dell\u2019Agnello, Carla De Santi, Bruno Brizzi, Pierpaolo Piombanti, Carlo Baldacci, Alessandro Lenzi, Marcello Santinelli<\/p>\n<p class=\"p1\">Soci: Danilo , Mariella , Franco , Valentina , Valter , Antonio (Toni), Edoardo , Riccardo , Silvia, Giacomo , Luca , Guelfo , Pierluigi , Stefano<\/p>\n<p class=\"p1\">Il penultimo ringraziamento va a Edina Regoli che ogni giorno di questi ultimi mesi ha condiviso con noi questo meraviglioso viaggio che ci ha permesso di COSTRUIRE MUSNA, MusNa il nuovo nome del nostro museo.<\/p>\n<p class=\"p1\">L\u2019ultimo ringraziamento \u2018ai ragazzi della tartaruga\u2019 per il profondo senso civico dimostrato:<\/p>\n<p class=\"p1\">Francesco (fotografo), Chiara , Raffaele , Sara<\/p>\n<p class=\"p1\">Abbiamo un Museo meraviglioso dove ognuno potr\u00e0 sempre portare amici, parenti, figli e nipoti per vedere esposte alcune meraviglie della natura messe insieme grazie alla passione e alla dedizione di cittadini di Rosignano che hanno sempre creduto nella cultura e nel volontariato.\u201d<\/p>\n<p class=\"p1\">Qui troverete sempre una porta aperta ed un museo pronto ad accogliervi<\/p>\n","protected":false},"excerpt":{"rendered":"<p>DISCORSO DI INAUGURAZIONE MUSEO DI STORIA NATURALE DI ROSIGNANO 29 LUGLIO 2018 (A. LENZI) L\u2019immensa felicit\u00e0 per la conclusione di un lungo ed impegnativo cammino che ci ha permesso finalmente di avere una bellissima e definitiva sede per il nostro Museo. Un luogo dove trascorrere momenti piacevoli e divertenti Il luogo che insieme al museo &hellip; <a href=\"https:\/\/musrosi.org\/?p=464\" class=\"more-link\">Continua la lettura di <span class=\"screen-reader-text\">INAUGURAZIONE MUSEO DI STORIA NATURALE<\/span> <span class=\"meta-nav\">&rarr;<\/span><\/a><\/p>\n","protected":false},"author":2,"featured_media":0,"comment_status":"closed","ping_status":"closed","sticky":false,"template":"","format":"standard","meta":{"footnotes":""},"categories":[1],"tags":[],"class_list":["post-464","post","type-post","status-publish","format-standard","hentry","category-senza-categoria"],"_links":{"self":[{"href":"https:\/\/musrosi.org\/index.php?rest_route=\/wp\/v2\/posts\/464","targetHints":{"allow":["GET"]}}],"collection":[{"href":"https:\/\/musrosi.org\/index.php?rest_route=\/wp\/v2\/posts"}],"about":[{"href":"https:\/\/musrosi.org\/index.php?rest_route=\/wp\/v2\/types\/post"}],"author":[{"embeddable":true,"href":"https:\/\/musrosi.org\/index.php?rest_route=\/wp\/v2\/users\/2"}],"replies":[{"embeddable":true,"href":"https:\/\/musrosi.org\/index.php?rest_route=%2Fwp%2Fv2%2Fcomments&post=464"}],"version-history":[{"count":2,"href":"https:\/\/musrosi.org\/index.php?rest_route=\/wp\/v2\/posts\/464\/revisions"}],"predecessor-version":[{"id":466,"href":"https:\/\/musrosi.org\/index.php?rest_route=\/wp\/v2\/posts\/464\/revisions\/466"}],"wp:attachment":[{"href":"https:\/\/musrosi.org\/index.php?rest_route=%2Fwp%2Fv2%2Fmedia&parent=464"}],"wp:term":[{"taxonomy":"category","embeddable":true,"href":"https:\/\/musrosi.org\/index.php?rest_route=%2Fwp%2Fv2%2Fcategories&post=464"},{"taxonomy":"post_tag","embeddable":true,"href":"https:\/\/musrosi.org\/index.php?rest_route=%2Fwp%2Fv2%2Ftags&post=464"}],"curies":[{"name":"wp","href":"https:\/\/api.w.org\/{rel}","templated":true}]}}